{"id":1222,"date":"2013-07-21T18:15:50","date_gmt":"2013-07-21T18:15:50","guid":{"rendered":"http:\/\/naissaar.eu\/?p=1222"},"modified":"2013-06-06T20:11:32","modified_gmt":"2013-06-06T20:11:32","slug":"naissaare-omari-kuun-melanhoolsed-meestelaulud-2","status":"publish","type":"post","link":"http:\/\/www.naissaar.eu\/wp\/naissaare-omari-kuun-melanhoolsed-meestelaulud-2\/","title":{"rendered":"Naissaare Omari k\u00fc\u00fcn MELANHOOLSED MEESTELAULUD"},"content":{"rendered":"<p><strong>21. juuli kell 18.15<\/strong><\/p>\n<p>Marko Matvere, Margus P\u00f5ldsepp ja Jaanus Jantson<\/p>\n<p>Margus P\u00f5ldsepp ja Jaanus Jantson ansamblist Untsakad ning Marko Matvere V\u00e4ikeste L\u00f5\u00f5tspillide \u00dchingust on \u00fchinenud trioks, mis esitab kolmeh\u00e4\u00e4lselt eelmise sajandi alguse k\u00fclamaastikelt p\u00e4rinevaid l\u00fc\u00fcrilisi laule. Sellisel kujul k\u00f5lasid sageli v\u00f5\u00f5rsilt laenatud meloodiad kiigeplatsidel ja igasugu muudel k\u00fclarahva pidustustel siis, kui pillimees puhkas. Miks melanhoolsed&#8230;? Kurbus on meie rahvalaulu \u00fcks p\u00f5hilisi v\u00e4rve. Nutma need lood t\u00e4nap\u00e4eva Eestis muidugi kedagi ei aja, pigem naerma.<\/p>\n<p>* * *<\/p>\n<p><strong>Kuni 31.05.13<\/strong><br \/>\nPilet transpordita 13 \u20ac<br \/>\nPilet transpordiga 28 \u20ac<\/p>\n<p><strong>Edasi<\/strong><br \/>\nPilet transpordita 15 \u20ac<br \/>\nPilet transpordiga\u00a030 \u20ac<\/p>\n<p><strong>Toimumise p\u00e4eval<\/strong><br \/>\nPilet transpordita 17 \u20ac<\/p>\n<p>Soodustusi ei ole<\/p>\n<p>Laevapileti peavad ostma ka s\u00fclelapsed.<br \/>\n<strong>Lisainfo:<\/strong> Kestus\u00a01,5 h, ligip\u00e4\u00e4s ratastooliga olemas, tegemist\u00a0on \u00a0vabas \u00f5hus toimuva \u00fcritusega.<br \/>\nPildistamine\/ filmimine lubatud!<\/p>\n<p><a href=\"http:\/\/www.piletilevi.ee\/est\/piletid\/festival\/nargenfestival_2013\/?show=29652\"> <strong>Osta pilet Piletilevist!<\/strong><\/a><\/p>\n<p>&nbsp;<\/p>\n","protected":false},"excerpt":{"rendered":"<p>21. juuli kell 18.15 Marko Matvere, Margus P\u00f5ldsepp ja Jaanus Jantson Margus P\u00f5ldsepp ja Jaanus Jantson ansamblist Untsakad ning Marko Matvere V\u00e4ikeste L\u00f5\u00f5tspillide \u00dchingust on \u00fchinenud trioks, mis esitab kolmeh\u00e4\u00e4lselt eelmise sajandi alguse k\u00fclamaastikelt p\u00e4rinevaid l\u00fc\u00fcrilisi laule. Sellisel kujul k\u00f5lasid sageli v\u00f5\u00f5rsilt laenatud meloodiad kiigeplatsidel ja igasugu muudel k\u00fclarahva pidustustel siis, kui pillimees puhkas. Miks [&hellip;]<\/p>\n","protected":false},"author":2,"featured_media":1223,"comment_status":"closed","ping_status":"closed","sticky":false,"template":"","format":"standard","meta":{"_monsterinsights_skip_tracking":false,"_monsterinsights_sitenote_active":false,"_monsterinsights_sitenote_note":"","_monsterinsights_sitenote_category":0,"ngg_post_thumbnail":0,"footnotes":""},"categories":[4],"tags":[],"class_list":["post-1222","post","type-post","status-publish","format-standard","has-post-thumbnail","hentry","category-uritused"],"yoast_head":"<!-- This site is optimized with the Yoast SEO plugin v27.5 - https:\/\/yoast.com\/product\/yoast-seo-wordpress\/ -->\n<title>Naissaare Omari k\u00fc\u00fcn MELANHOOLSED MEESTELAULUD - Naissaare Turismi- ja Puhkekeskus<\/title>\n<meta name=\"robots\" content=\"index, follow, max-snippet:-1, max-image-preview:large, max-video-preview:-1\" \/>\n<link rel=\"canonical\" href=\"http:\/\/www.naissaar.eu\/wp\/naissaare-omari-kuun-melanhoolsed-meestelaulud-2\/\" \/>\n<meta name=\"twitter:label1\" content=\"Written by\" \/>\n\t<meta name=\"twitter:data1\" content=\"tarmo\" \/>\n\t<meta name=\"twitter:label2\" content=\"Est. reading time\" \/>\n\t<meta name=\"twitter:data2\" content=\"1 minut\" \/>\n<script type=\"application\/ld+json\" class=\"yoast-schema-graph\">{\"@context\":\"https:\\\/\\\/schema.org\",\"@graph\":[{\"@type\":\"Article\",\"@id\":\"http:\\\/\\\/www.naissaar.eu\\\/wp\\\/naissaare-omari-kuun-melanhoolsed-meestelaulud-2\\\/#article\",\"isPartOf\":{\"@id\":\"http:\\\/\\\/www.naissaar.eu\\\/wp\\\/naissaare-omari-kuun-melanhoolsed-meestelaulud-2\\\/\"},\"author\":{\"name\":\"tarmo\",\"@id\":\"https:\\\/\\\/naissaar.eu\\\/wp\\\/#\\\/schema\\\/person\\\/885a051661eb1ab01bece2f2b3a64418\"},\"headline\":\"Naissaare Omari k\u00fc\u00fcn MELANHOOLSED MEESTELAULUD\",\"datePublished\":\"2013-07-21T18:15:50+00:00\",\"mainEntityOfPage\":{\"@id\":\"http:\\\/\\\/www.naissaar.eu\\\/wp\\\/naissaare-omari-kuun-melanhoolsed-meestelaulud-2\\\/\"},\"wordCount\":137,\"image\":{\"@id\":\"http:\\\/\\\/www.naissaar.eu\\\/wp\\\/naissaare-omari-kuun-melanhoolsed-meestelaulud-2\\\/#primaryimage\"},\"thumbnailUrl\":\"http:\\\/\\\/www.naissaar.eu\\\/wp\\\/wp-content\\\/uploads\\\/2013\\\/06\\\/Nargenfestival_20137-e1370549477730.jpg\",\"articleSection\":[\"\u00dcritused\"],\"inLanguage\":\"et\"},{\"@type\":\"WebPage\",\"@id\":\"http:\\\/\\\/www.naissaar.eu\\\/wp\\\/naissaare-omari-kuun-melanhoolsed-meestelaulud-2\\\/\",\"url\":\"http:\\\/\\\/www.naissaar.eu\\\/wp\\\/naissaare-omari-kuun-melanhoolsed-meestelaulud-2\\\/\",\"name\":\"Naissaare Omari k\u00fc\u00fcn MELANHOOLSED MEESTELAULUD - Naissaare Turismi- ja Puhkekeskus\",\"isPartOf\":{\"@id\":\"https:\\\/\\\/naissaar.eu\\\/wp\\\/#website\"},\"primaryImageOfPage\":{\"@id\":\"http:\\\/\\\/www.naissaar.eu\\\/wp\\\/naissaare-omari-kuun-melanhoolsed-meestelaulud-2\\\/#primaryimage\"},\"image\":{\"@id\":\"http:\\\/\\\/www.naissaar.eu\\\/wp\\\/naissaare-omari-kuun-melanhoolsed-meestelaulud-2\\\/#primaryimage\"},\"thumbnailUrl\":\"http:\\\/\\\/www.naissaar.eu\\\/wp\\\/wp-content\\\/uploads\\\/2013\\\/06\\\/Nargenfestival_20137-e1370549477730.jpg\",\"datePublished\":\"2013-07-21T18:15:50+00:00\",\"author\":{\"@id\":\"https:\\\/\\\/naissaar.eu\\\/wp\\\/#\\\/schema\\\/person\\\/885a051661eb1ab01bece2f2b3a64418\"},\"breadcrumb\":{\"@id\":\"http:\\\/\\\/www.naissaar.eu\\\/wp\\\/naissaare-omari-kuun-melanhoolsed-meestelaulud-2\\\/#breadcrumb\"},\"inLanguage\":\"et\",\"potentialAction\":[{\"@type\":\"ReadAction\",\"target\":[\"http:\\\/\\\/www.naissaar.eu\\\/wp\\\/naissaare-omari-kuun-melanhoolsed-meestelaulud-2\\\/\"]}]},{\"@type\":\"ImageObject\",\"inLanguage\":\"et\",\"@id\":\"http:\\\/\\\/www.naissaar.eu\\\/wp\\\/naissaare-omari-kuun-melanhoolsed-meestelaulud-2\\\/#primaryimage\",\"url\":\"http:\\\/\\\/www.naissaar.eu\\\/wp\\\/wp-content\\\/uploads\\\/2013\\\/06\\\/Nargenfestival_20137-e1370549477730.jpg\",\"contentUrl\":\"http:\\\/\\\/www.naissaar.eu\\\/wp\\\/wp-content\\\/uploads\\\/2013\\\/06\\\/Nargenfestival_20137-e1370549477730.jpg\",\"width\":\"283\",\"height\":\"400\"},{\"@type\":\"BreadcrumbList\",\"@id\":\"http:\\\/\\\/www.naissaar.eu\\\/wp\\\/naissaare-omari-kuun-melanhoolsed-meestelaulud-2\\\/#breadcrumb\",\"itemListElement\":[{\"@type\":\"ListItem\",\"position\":1,\"name\":\"Home\",\"item\":\"https:\\\/\\\/naissaar.eu\\\/wp\\\/\"},{\"@type\":\"ListItem\",\"position\":2,\"name\":\"Naissaare Omari k\u00fc\u00fcn MELANHOOLSED MEESTELAULUD\"}]},{\"@type\":\"WebSite\",\"@id\":\"https:\\\/\\\/naissaar.eu\\\/wp\\\/#website\",\"url\":\"https:\\\/\\\/naissaar.eu\\\/wp\\\/\",\"name\":\"Naissaare Turismi- ja Puhkekeskus\",\"description\":\"\",\"potentialAction\":[{\"@type\":\"SearchAction\",\"target\":{\"@type\":\"EntryPoint\",\"urlTemplate\":\"https:\\\/\\\/naissaar.eu\\\/wp\\\/?s={search_term_string}\"},\"query-input\":{\"@type\":\"PropertyValueSpecification\",\"valueRequired\":true,\"valueName\":\"search_term_string\"}}],\"inLanguage\":\"et\"},{\"@type\":\"Person\",\"@id\":\"https:\\\/\\\/naissaar.eu\\\/wp\\\/#\\\/schema\\\/person\\\/885a051661eb1ab01bece2f2b3a64418\",\"name\":\"tarmo\",\"image\":{\"@type\":\"ImageObject\",\"inLanguage\":\"et\",\"@id\":\"https:\\\/\\\/secure.gravatar.com\\\/avatar\\\/75c308dbdba254cbb8039944f4835e2e5017d13cee06209a57d3e3bc7d3de342?s=96&d=mm&r=g\",\"url\":\"https:\\\/\\\/secure.gravatar.com\\\/avatar\\\/75c308dbdba254cbb8039944f4835e2e5017d13cee06209a57d3e3bc7d3de342?s=96&d=mm&r=g\",\"contentUrl\":\"https:\\\/\\\/secure.gravatar.com\\\/avatar\\\/75c308dbdba254cbb8039944f4835e2e5017d13cee06209a57d3e3bc7d3de342?s=96&d=mm&r=g\",\"caption\":\"tarmo\"},\"url\":\"http:\\\/\\\/www.naissaar.eu\\\/wp\\\/author\\\/tarmo\\\/\"}]}<\/script>\n<!-- \/ Yoast SEO plugin. -->","yoast_head_json":{"title":"Naissaare Omari k\u00fc\u00fcn MELANHOOLSED MEESTELAULUD - Naissaare Turismi- ja Puhkekeskus","robots":{"index":"index","follow":"follow","max-snippet":"max-snippet:-1","max-image-preview":"max-image-preview:large","max-video-preview":"max-video-preview:-1"},"canonical":"http:\/\/www.naissaar.eu\/wp\/naissaare-omari-kuun-melanhoolsed-meestelaulud-2\/","twitter_misc":{"Written by":"tarmo","Est. reading time":"1 minut"},"schema":{"@context":"https:\/\/schema.org","@graph":[{"@type":"Article","@id":"http:\/\/www.naissaar.eu\/wp\/naissaare-omari-kuun-melanhoolsed-meestelaulud-2\/#article","isPartOf":{"@id":"http:\/\/www.naissaar.eu\/wp\/naissaare-omari-kuun-melanhoolsed-meestelaulud-2\/"},"author":{"name":"tarmo","@id":"https:\/\/naissaar.eu\/wp\/#\/schema\/person\/885a051661eb1ab01bece2f2b3a64418"},"headline":"Naissaare Omari k\u00fc\u00fcn MELANHOOLSED MEESTELAULUD","datePublished":"2013-07-21T18:15:50+00:00","mainEntityOfPage":{"@id":"http:\/\/www.naissaar.eu\/wp\/naissaare-omari-kuun-melanhoolsed-meestelaulud-2\/"},"wordCount":137,"image":{"@id":"http:\/\/www.naissaar.eu\/wp\/naissaare-omari-kuun-melanhoolsed-meestelaulud-2\/#primaryimage"},"thumbnailUrl":"http:\/\/www.naissaar.eu\/wp\/wp-content\/uploads\/2013\/06\/Nargenfestival_20137-e1370549477730.jpg","articleSection":["\u00dcritused"],"inLanguage":"et"},{"@type":"WebPage","@id":"http:\/\/www.naissaar.eu\/wp\/naissaare-omari-kuun-melanhoolsed-meestelaulud-2\/","url":"http:\/\/www.naissaar.eu\/wp\/naissaare-omari-kuun-melanhoolsed-meestelaulud-2\/","name":"Naissaare Omari k\u00fc\u00fcn MELANHOOLSED MEESTELAULUD - Naissaare Turismi- ja Puhkekeskus","isPartOf":{"@id":"https:\/\/naissaar.eu\/wp\/#website"},"primaryImageOfPage":{"@id":"http:\/\/www.naissaar.eu\/wp\/naissaare-omari-kuun-melanhoolsed-meestelaulud-2\/#primaryimage"},"image":{"@id":"http:\/\/www.naissaar.eu\/wp\/naissaare-omari-kuun-melanhoolsed-meestelaulud-2\/#primaryimage"},"thumbnailUrl":"http:\/\/www.naissaar.eu\/wp\/wp-content\/uploads\/2013\/06\/Nargenfestival_20137-e1370549477730.jpg","datePublished":"2013-07-21T18:15:50+00:00","author":{"@id":"https:\/\/naissaar.eu\/wp\/#\/schema\/person\/885a051661eb1ab01bece2f2b3a64418"},"breadcrumb":{"@id":"http:\/\/www.naissaar.eu\/wp\/naissaare-omari-kuun-melanhoolsed-meestelaulud-2\/#breadcrumb"},"inLanguage":"et","potentialAction":[{"@type":"ReadAction","target":["http:\/\/www.naissaar.eu\/wp\/naissaare-omari-kuun-melanhoolsed-meestelaulud-2\/"]}]},{"@type":"ImageObject","inLanguage":"et","@id":"http:\/\/www.naissaar.eu\/wp\/naissaare-omari-kuun-melanhoolsed-meestelaulud-2\/#primaryimage","url":"http:\/\/www.naissaar.eu\/wp\/wp-content\/uploads\/2013\/06\/Nargenfestival_20137-e1370549477730.jpg","contentUrl":"http:\/\/www.naissaar.eu\/wp\/wp-content\/uploads\/2013\/06\/Nargenfestival_20137-e1370549477730.jpg","width":"283","height":"400"},{"@type":"BreadcrumbList","@id":"http:\/\/www.naissaar.eu\/wp\/naissaare-omari-kuun-melanhoolsed-meestelaulud-2\/#breadcrumb","itemListElement":[{"@type":"ListItem","position":1,"name":"Home","item":"https:\/\/naissaar.eu\/wp\/"},{"@type":"ListItem","position":2,"name":"Naissaare Omari k\u00fc\u00fcn MELANHOOLSED MEESTELAULUD"}]},{"@type":"WebSite","@id":"https:\/\/naissaar.eu\/wp\/#website","url":"https:\/\/naissaar.eu\/wp\/","name":"Naissaare Turismi- ja Puhkekeskus","description":"","potentialAction":[{"@type":"SearchAction","target":{"@type":"EntryPoint","urlTemplate":"https:\/\/naissaar.eu\/wp\/?s={search_term_string}"},"query-input":{"@type":"PropertyValueSpecification","valueRequired":true,"valueName":"search_term_string"}}],"inLanguage":"et"},{"@type":"Person","@id":"https:\/\/naissaar.eu\/wp\/#\/schema\/person\/885a051661eb1ab01bece2f2b3a64418","name":"tarmo","image":{"@type":"ImageObject","inLanguage":"et","@id":"https:\/\/secure.gravatar.com\/avatar\/75c308dbdba254cbb8039944f4835e2e5017d13cee06209a57d3e3bc7d3de342?s=96&d=mm&r=g","url":"https:\/\/secure.gravatar.com\/avatar\/75c308dbdba254cbb8039944f4835e2e5017d13cee06209a57d3e3bc7d3de342?s=96&d=mm&r=g","contentUrl":"https:\/\/secure.gravatar.com\/avatar\/75c308dbdba254cbb8039944f4835e2e5017d13cee06209a57d3e3bc7d3de342?s=96&d=mm&r=g","caption":"tarmo"},"url":"http:\/\/www.naissaar.eu\/wp\/author\/tarmo\/"}]}},"_links":{"self":[{"href":"http:\/\/www.naissaar.eu\/wp\/wp-json\/wp\/v2\/posts\/1222","targetHints":{"allow":["GET"]}}],"collection":[{"href":"http:\/\/www.naissaar.eu\/wp\/wp-json\/wp\/v2\/posts"}],"about":[{"href":"http:\/\/www.naissaar.eu\/wp\/wp-json\/wp\/v2\/types\/post"}],"author":[{"embeddable":true,"href":"http:\/\/www.naissaar.eu\/wp\/wp-json\/wp\/v2\/users\/2"}],"replies":[{"embeddable":true,"href":"http:\/\/www.naissaar.eu\/wp\/wp-json\/wp\/v2\/comments?post=1222"}],"version-history":[{"count":2,"href":"http:\/\/www.naissaar.eu\/wp\/wp-json\/wp\/v2\/posts\/1222\/revisions"}],"predecessor-version":[{"id":1225,"href":"http:\/\/www.naissaar.eu\/wp\/wp-json\/wp\/v2\/posts\/1222\/revisions\/1225"}],"wp:featuredmedia":[{"embeddable":true,"href":"http:\/\/www.naissaar.eu\/wp\/wp-json\/wp\/v2\/media\/1223"}],"wp:attachment":[{"href":"http:\/\/www.naissaar.eu\/wp\/wp-json\/wp\/v2\/media?parent=1222"}],"wp:term":[{"taxonomy":"category","embeddable":true,"href":"http:\/\/www.naissaar.eu\/wp\/wp-json\/wp\/v2\/categories?post=1222"},{"taxonomy":"post_tag","embeddable":true,"href":"http:\/\/www.naissaar.eu\/wp\/wp-json\/wp\/v2\/tags?post=1222"}],"curies":[{"name":"wp","href":"https:\/\/api.w.org\/{rel}","templated":true}]}}